[{"@context":"https:\/\/schema.org\/","@type":"Article","@id":"https:\/\/www.lus3.cz\/existuje-spravny-cas-na-materstvi\/#Article","mainEntityOfPage":"https:\/\/www.lus3.cz\/existuje-spravny-cas-na-materstvi\/","headline":"Existuje spr\u00e1vn\u00fd \u010das na mate\u0159stv\u00ed?","name":"Existuje spr\u00e1vn\u00fd \u010das na mate\u0159stv\u00ed?","description":"Mus\u00edme konstatovat, \u017ee v\u011bkov\u00fd pr\u016fm\u011br t\u011bhotn\u00fdch \u017een st\u00e1le konstant\u011b stoup\u00e1 a nevypad\u00e1 to, \u017ee by se v\u00a0budoucnu m\u011blo n\u011bco zm\u011bnit, sp\u00ed\u0161e naopak, existuje i mnoho &hellip; ","datePublished":"2019-08-23","dateModified":"2019-08-23","author":{"@type":"Person","@id":"https:\/\/www.lus3.cz\/author\/#Person","name":"","url":"https:\/\/www.lus3.cz\/author\/","identifier":1,"image":{"@type":"ImageObject","@id":"https:\/\/secure.gravatar.com\/avatar\/831abbcc684823965c5caa39ae4561083127c8aedfe9e524c6cecc176998c733?s=96&d=mm&r=g","url":"https:\/\/secure.gravatar.com\/avatar\/831abbcc684823965c5caa39ae4561083127c8aedfe9e524c6cecc176998c733?s=96&d=mm&r=g","height":96,"width":96}},"publisher":{"@type":"Organization","name":"lus3.cz","logo":{"@type":"ImageObject","@id":"\/logo.png","url":"\/logo.png","width":600,"height":60}},"image":{"@type":"ImageObject","@id":"https:\/\/www.lus3.cz\/wp-content\/uploads\/img_a353889_w3694_t1568473452.jpg","url":"https:\/\/www.lus3.cz\/wp-content\/uploads\/img_a353889_w3694_t1568473452.jpg","height":0,"width":0},"url":"https:\/\/www.lus3.cz\/existuje-spravny-cas-na-materstvi\/","about":["\u017dena"],"wordCount":518,"articleBody":"Mus\u00edme konstatovat, \u017ee v\u011bkov\u00fd pr\u016fm\u011br t\u011bhotn\u00fdch \u017een st\u00e1le konstant\u011b stoup\u00e1 a nevypad\u00e1 to, \u017ee by se v\u00a0budoucnu m\u011blo n\u011bco zm\u011bnit, sp\u00ed\u0161e naopak, existuje i mnoho \u017een, kter\u00e9 se v\u011bdom\u011b rozhodnou, \u017ee se matkami nikdy nestanou. Pro\u010d tomu tak je a co se s\u00a0\u017eenami d\u011bje?D\u0159\u00edve byl v\u011bkov\u00fd pr\u016fm\u011br prvorodi\u010dek 20 a 22 let, te\u010f se pomalinku bl\u00ed\u017e\u00edme ke 30ti let\u016fm a v\u011bkov\u00fd pr\u016fm\u011br t\u011bhotn\u00fdch \u017een st\u00e1le rok od roku stoup\u00e1. Mlad\u00fdch maminek je poskrovnu, star\u0161\u00edch maminek v\u00edce, ale celkov\u011b je porodnost ni\u017e\u0161\u00ed a ni\u017e\u0161\u00ed.Nejv\u011bt\u0161\u00ed zm\u011bnou a fenom\u00e9nem je asi to, \u017ee \u017eeny se v\u011bnuj\u00ed sv\u00e9 kari\u00e9\u0159e a nejsou pln\u011b z\u00e1visl\u00e9 na jejich partnerech, \u010dasto jsou pln\u011b nez\u00e1visl\u00e9. To je stav\u00ed do pozice, \u017ee necht\u011bj\u00ed opou\u0161t\u011bt svou pracovn\u00ed pozici. Dal\u0161\u00ed \u017eeny cht\u011bj\u00ed jen z\u016fstat nez\u00e1visl\u00e9, cht\u011bj\u00ed jezdit na dovolen\u00e9 m\u00edt spole\u010densk\u00fd \u017eivot a d\u011bti by je jen brzdily. Pak tu m\u00e1me \u017eeny, kter\u00e9 nena\u0161ly toho ide\u00e1ln\u00edho partnera pro rodi\u010dovsk\u00fd \u017eivot. Jsou tu i \u017eeny, kter\u00e9 ze zdravotn\u00edch d\u016fvod\u016f ot\u011bhotn\u011bt nemohou. Z\u00a0v\u011bt\u0161iny je to ale jejich svobodn\u00e1 volba: neb\u00fdt t\u011bhotn\u00e1, nest\u00e1t se matkou.Nejl\u00e9pe je t\u011blo \u017eeny p\u0159ipraveno k\u00a0t\u011bhotenstv\u00ed pr\u00e1v\u011b okolo toho 20. roku \u017eivota, t\u011bst\u011b p\u0159ed nebo t\u011bsn\u011b po. Ale mlad\u00fdch maminek moc nen\u00ed. V\u011bt\u0161inou se \u017eeny k\u00a0t\u011bhotenstv\u00ed rozhodnou okolo 30. roku \u017eivota. Cht\u011bj\u00ed b\u00fdt zabezpe\u010den\u00e9 a cht\u011bj\u00ed zabezpe\u010dit sv\u00e9 d\u00edt\u011b.K\u00a0tomuto rozhodnut\u00ed n\u00e1s, bohu\u017eel, tak\u00e9 nut\u00ed na\u0161e ekonomika, kter\u00e1 nep\u0159eje mlad\u00fdm p\u00e1r\u016fm. Mlad\u00e9 p\u00e1ry nemaj\u00ed dostatek financ\u00ed, aby slu\u0161n\u011b u\u017eivili sebe a p\u0159i p\u0159edstav\u011b, \u017ee by m\u011bli do jejich rozpo\u010dtu za\u0159adit je\u0161t\u011b d\u00edt\u011b, jejich \u00fa\u010dty odm\u00edtav\u011b ukazuj\u00ed jejich t\u00e9m\u011b\u0159 nulov\u00e9 z\u016fstatky.Pokud je rodina donucena \u010dekat na t\u011bhotenstv\u00ed z\u00a0d\u016fvod\u016f financ\u00ed, je to smutn\u00e9. Na druhou stranu si mysl\u00edme, \u017ee tyto p\u00e1ry jsou rozumn\u00e9, kdy\u017e mysl\u00ed na svou budoucnost.Je jedno, zda to jsou kari\u00e9ristky nebo \u017eeny, kter\u00e9 jen \u010dekaj\u00ed na dostatek financ\u00ed nebo jen t\u011bhotenstv\u00ed odkl\u00e1daj\u00ed, ale odkl\u00e1d\u00e1te a odkl\u00e1d\u00e1te, jednou se rozhodnete ot\u011bhotn\u011bt a najednou zjist\u00edte, \u017ee to nejde.Velmi \u010dasto se pot\u00e9 st\u00e1v\u00e1, \u017ee kdy\u017e u\u017e se pro t\u011bhotenstv\u00ed rozhodnete, je u\u017e pozd\u011b a r\u016fzn\u00e9 zdravotn\u00ed probl\u00e9my a komplikace Va\u0161emu t\u011bhotenstv\u00ed br\u00e1n\u00ed. Bohu\u017eel po 30. roku \u017eivota u\u017e pat\u0159\u00edte do rizikov\u011bj\u0161\u00ed skupiny budouc\u00edch maminek a je pot\u0159eba s\u00a0t\u00edm po\u010d\u00edtat.Ide\u00e1ln\u00edm v\u011bkem s\u00a0ohledem na sou\u010dasnou ekonomiku a hlavn\u011b s\u00a0ohledem na \u017eensk\u00e9 t\u011blo je 25. a\u017e 28. rok, myslete na to p\u0159i Va\u0161em rozhodov\u00e1n\u00ed, abyste jednou nemusely litovat.                                                                                                                                                                                                                                                                                                                                                                                        4.6\/5 - (7 votes)        "},{"@context":"https:\/\/schema.org\/","@type":"BreadcrumbList","itemListElement":[{"@type":"ListItem","position":1,"name":"Existuje spr\u00e1vn\u00fd \u010das na mate\u0159stv\u00ed?","item":"https:\/\/www.lus3.cz\/existuje-spravny-cas-na-materstvi\/#breadcrumbitem"}]}]